{"id":2108,"date":"2022-10-15T14:49:00","date_gmt":"2022-10-15T14:49:00","guid":{"rendered":"https:\/\/inclusiveworkplace.eu\/2022\/10\/15\/intergenerational-communication-a-bridge-between-differences\/"},"modified":"2023-01-10T08:11:31","modified_gmt":"2023-01-10T08:11:31","slug":"intergenerational-communication-a-bridge-between-differences","status":"publish","type":"post","link":"https:\/\/inclusiveworkplace.eu\/hu\/2022\/10\/15\/intergenerational-communication-a-bridge-between-differences\/","title":{"rendered":"Gener\u00e1ci\u00f3k k\u00f6z\u00f6tti kommunik\u00e1ci\u00f3: h\u00edd a k\u00fcl\u00f6nbs\u00e9gek k\u00f6z\u00f6tt"},"content":{"rendered":"\n<p>Napjainkban a technol\u00f3giai fejl\u0151d\u00e9snek \u00e9s a hosszabb v\u00e1rhat\u00f3 \u00e9lettartamnak k\u00f6sz\u00f6nhet\u0151en elmondhat\u00f3, hogy legal\u00e1bb n\u00e9gy gener\u00e1ci\u00f3nak van lehet\u0151s\u00e9ge egy\u00fctt dolgozni ugyanazon a munkaer\u0151piacon. Azonban minden egyes gener\u00e1ci\u00f3 m\u00e1s \u00e9s m\u00e1s, saj\u00e1tos jellemz\u0151kkel rendelkezik. K\u00fcl\u00f6n\u00f6sen a saj\u00e1tos ig\u00e9nyek, tapasztalatok, t\u00e1rsadalmi \u00e9s kultur\u00e1lis szok\u00e1sok, valamint a mindennapi tev\u00e9kenys\u00e9gek v\u00e1ltozhatnak gener\u00e1ci\u00f3r\u00f3l gener\u00e1ci\u00f3ra, ami a k\u00fcl\u00f6nb\u00f6z\u0151 emberek viselked\u00e9si \u00e9s kommunik\u00e1ci\u00f3s m\u00f3dj\u00e1t alak\u00edtja. Ez\u00e9rt a Baby Boomerekt\u0151l a Z gener\u00e1ci\u00f3ig a nyelvi \u00e9s kommunik\u00e1ci\u00f3s eszk\u00f6z\u00f6kkel kapcsolatos elt\u00e9r\u00e9sek val\u00f3sz\u00edn\u0171leg tov\u00e1bbi elt\u00e9r\u00e9si pontokat gener\u00e1lnak, amelyek gyakran a gener\u00e1ci\u00f3k k\u00f6z\u00f6tti munkahelyeken a hat\u00e9kony egy\u00fcttm\u0171k\u00f6d\u00e9s \u00e9s a hat\u00e9kony p\u00e1rbesz\u00e9d f\u0151 akad\u00e1ly\u00e1t jelentik. Ily m\u00f3don, tekintettel arra, hogy minden gener\u00e1ci\u00f3 a saj\u00e1t nyelv\u00e9n besz\u00e9l, sz\u00fcks\u00e9ges, hogy minden ember meg\u00e9rtse \u00e9s megtanulja a legjobb k\u00f6z\u00f6s nyelvet a kommunik\u00e1ci\u00f3hoz \u00e9s az egym\u00e1shoz val\u00f3 viszonyul\u00e1shoz.<\/p>\n\n\n\n<p>&nbsp;Ezt a gondolatmenetet k\u00f6vetve, melyek az egyes gener\u00e1ci\u00f3k k\u00fcl\u00f6nb\u00f6z\u0151 kommunik\u00e1ci\u00f3s st\u00edlusai?<\/p>\n\n\n\n<ul>\n<li><strong>Baby Boomers (1946-1964 k\u00f6z\u00f6tt sz\u00fcletett emberek):<\/strong><\/li>\n<\/ul>\n\n\n\n<p>A legt\u00f6bb Baby Boomer ink\u00e1bb telefonon vagy szem\u00e9lyesen besz\u00e9lget. Ez\u00e9rt, b\u00e1r n\u00e9h\u00e1nyan k\u00f6z\u00fcl\u00fck online kommunik\u00e1ci\u00f3s eszk\u00f6z\u00f6ket haszn\u00e1lnak, t\u00f6bb tanulm\u00e1ny is kimutatta, hogy a munkahelyi kommunik\u00e1ci\u00f3 legjobb m\u00f3dja a szem\u00e9lyes besz\u00e9lget\u00e9s.<\/p>\n\n\n\n<ul>\n<li><strong>X gener\u00e1ci\u00f3 (1965-1980 k\u00f6z\u00f6tt sz\u00fcletett emberek):<\/strong><\/li>\n<\/ul>\n\n\n\n<p>Ennek a gener\u00e1ci\u00f3nak a tagjai m\u00e1r kor\u00e1n elkezdt\u00e9k haszn\u00e1lni az e-mailt \u00e9s m\u00e1s digit\u00e1lis kommunik\u00e1ci\u00f3s eszk\u00f6z\u00f6ket. A Getting Smart \u00e1ltal k\u00e9sz\u00edtett tanulm\u00e1ny szerint e gener\u00e1ci\u00f3 tagjai ink\u00e1bb r\u00f6vid \u00fczeneteket haszn\u00e1lnak, \u00e9s mivel k\u00e9pesek bizonyos technol\u00f3giai kommunik\u00e1ci\u00f3s eszk\u00f6z\u00f6ket haszn\u00e1lni, \u00fagy tekintik \u0151ket, hogy kisebb a k\u00fcl\u00f6nbs\u00e9g k\u00f6zt\u00fck \u00e9s Y \u00e9s Z gener\u00e1ci\u00f3 k\u00f6z\u00f6tt, mint a Baby Bommer gener\u00e1ci\u00f3 k\u00f6z\u00f6tt.<\/p>\n\n\n\n<ul>\n<li><strong>Y gener\u00e1ci\u00f3 <\/strong><strong>(1981-1996<\/strong><strong> k\u00f6z\u00f6tt sz\u00fcletett emberek<\/strong><strong>):<\/strong><\/li>\n<\/ul>\n\n\n\n<p>Az Y gener\u00e1ci\u00f3sok t\u00f6bbs\u00e9ge digit\u00e1lis bennsz\u00fcl\u00f6tt, \u00e9s hozz\u00e1szokott ahhoz, hogy m\u00e1sokkal okostelefonon kereszt\u00fcl kommunik\u00e1ljon. Ami a munkahelyet illeti, a Korn Ferry tan\u00e1csad\u00f3 c\u00e9g \u00e1ltal v\u00e9gzett kutat\u00e1s kiemelte, hogy az a gener\u00e1ci\u00f3 jobban kedvelik az online besz\u00e9lget\u00e9seket, mint a szem\u00e9lyes interakci\u00f3kat. K\u00f6vetkez\u00e9sk\u00e9ppen azt lehet \u00e1ll\u00edtani, hogy az Y munkav\u00e1llal\u00f3kkal val\u00f3 kommunik\u00e1ci\u00f3 legjobb m\u00f3dja a digit\u00e1lis eszk\u00f6z\u00f6k, a telefonok vagy sz\u00e1m\u00edt\u00f3g\u00e9pek haszn\u00e1lata.<\/p>\n\n\n\n<ul>\n<li><strong>Z gener\u00e1ci\u00f3 (1997 ut\u00e1n sz\u00fcletettek):<\/strong><\/li>\n<\/ul>\n\n\n\n<p>A Z gener\u00e1ci\u00f3 tagjai mindennapi \u00e9let\u00fck nagy r\u00e9sz\u00e9t a k\u00e9perny\u0151 el\u0151tt t\u00f6ltik. A gyors kommunik\u00e1ci\u00f3t r\u00e9szes\u00edtik el\u0151nyben, \u00e9s elv\u00e1rj\u00e1k, hogy a lehet\u0151 leggyorsabban v\u00e1laszt kapjanak. Meglep\u0151 m\u00f3don \u00e9rdemes megjegyezni, hogy a munkahelyen a Z gener\u00e1ci\u00f3 ink\u00e1bb a szem\u00e9lyes kommunik\u00e1ci\u00f3t r\u00e9szes\u00edti el\u0151nyben.<\/p>\n\n\n\n<p>J\u00f3l tudva, hogy minden gener\u00e1ci\u00f3nak saj\u00e1t kommunik\u00e1ci\u00f3s megk\u00f6zel\u00edt\u00e9se van, a befogad\u00f3 kommunik\u00e1ci\u00f3ra \u00e9s a soksz\u00edn\u0171s\u00e9gre val\u00f3 odafigyel\u00e9s ez\u00e9rt az egyik legfontosabb l\u00e9p\u00e9s, amelyet meg kell tenni annak \u00e9rdek\u00e9ben, hogy a v\u00e1llalatokn\u00e1l a munkav\u00e1llal\u00f3k \u00e9s a vezet\u0151k k\u00f6z\u00f6tt pozit\u00edv gener\u00e1ci\u00f3k k\u00f6z\u00f6tti kapcsolat alakuljon ki.<\/p>\n\n\n\n<p>A k\u00fcl\u00f6nb\u00f6z\u0151 kommunik\u00e1ci\u00f3s st\u00edlusok k\u00f6z\u00f6tti szakad\u00e9k \u00e1thidal\u00e1sa \u00e9s a gener\u00e1ci\u00f3k k\u00f6z\u00f6tti pozit\u00edv \u00e9s hat\u00e9kony p\u00e1rbesz\u00e9d \u00e9rdek\u00e9ben az al\u00e1bbi h\u00e1rom f\u0151 tipp seg\u00edthet a gener\u00e1ci\u00f3k k\u00f6z\u00f6tti k\u00f6z\u00f6s nyelv megtal\u00e1l\u00e1s\u00e1ban:<\/p>\n\n\n\n<ul>\n<li><strong>Pr\u00f3b\u00e1ljon meg alkalmazkodni:<\/strong> mivel minden gener\u00e1ci\u00f3nak megvannak a maga kommunik\u00e1ci\u00f3s preferenci\u00e1i, hasznos lehet a saj\u00e1t st\u00edlus\u00e1t a k\u00f6z\u00f6ns\u00e9gnek megfelel\u0151en m\u00f3dos\u00edtani, szem el\u0151tt tartva az egyes gener\u00e1ci\u00f3s kateg\u00f3ri\u00e1k kommunik\u00e1ci\u00f3s preferenci\u00e1it.<\/li>\n<\/ul>\n\n\n\n<ul>\n<li><strong>Egy\u00e9nre szabottan:<\/strong> Annak ellen\u00e9re, hogy minden gener\u00e1ci\u00f3nak vannak k\u00f6z\u00f6s jellemz\u0151i, mindig fontos, hogy az egy\u00e9ni ig\u00e9nyekre \u00e9s perspekt\u00edv\u00e1kra \u00f6sszpontos\u00edtsunk, amelyek mindenki tapasztalatait\u00f3l elt\u00e9rhetnek.<\/li>\n\n\n\n<li><strong>Gener\u00e1ci\u00f3k kever\u00e9se:<\/strong> Az egyik leghat\u00e9konyabb m\u00f3dja a gener\u00e1ci\u00f3k k\u00f6z\u00f6tti kommunik\u00e1ci\u00f3 megval\u00f3s\u00edt\u00e1s\u00e1nak az, ha olyan strat\u00e9giai lehet\u0151s\u00e9geket teremt\u00fcnk, p\u00e9ld\u00e1ul csapat\u00e9p\u00edt\u0151 tev\u00e9kenys\u00e9gek r\u00e9v\u00e9n, amelyekben a k\u00fcl\u00f6nb\u00f6z\u0151 gener\u00e1ci\u00f3k tagjai akt\u00edvan egy\u00fcttm\u0171k\u00f6dhetnek \u00e9s kicser\u00e9lhetik a k\u00fcl\u00f6nb\u00f6z\u0151 munkam\u00f3dszereket.<\/li>\n<\/ul>\n\n\n\n<p>V\u00e9gezet\u00fcl azt lehet \u00e1ll\u00edtani, hogy az egyes alkalmazottak vagy vezet\u0151k kommunik\u00e1ci\u00f3s st\u00edlus\u00e1nak felismer\u00e9se fontos ahhoz, hogy olyan holisztikus megk\u00f6zel\u00edt\u00e9st alak\u00edtsunk ki, amely k\u00e9pes el\u00e9rni a heterog\u00e9n munkaer\u0151t, ugyanakkor az egy\u00e9ni kommunik\u00e1ci\u00f3s m\u00f3dokat is. Sz\u00f3val&#8230; mi\u00e9rt ne pr\u00f3b\u00e1ln\u00e1nk meg?<\/p>\n\n\n\n<p>Forr\u00e1sok:<\/p>\n\n\n\n<p><a href=\"https:\/\/www.businessnewsdaily.com\/9708-multigenerational-workforce-communication.html\">How to Communicate With a Multigenerational Workforce (businessnewsdaily.com)<\/a><\/p>\n\n\n\n<p><a href=\"https:\/\/online.ndm.edu\/news\/communication\/evolution-of-communication\/\">The Evolution of Communication from Boomers to Gen Z | NDMU<\/a><\/p>\n","protected":false},"excerpt":{"rendered":"<p>Napjainkban a technol\u00f3giai fejl\u0151d\u00e9snek \u00e9s a hosszabb v\u00e1rhat\u00f3 \u00e9lettartamnak k\u00f6sz\u00f6nhet\u0151en elmondhat\u00f3, hogy legal\u00e1bb n\u00e9gy gener\u00e1ci\u00f3nak van lehet\u0151s\u00e9ge egy\u00fctt dolgozni ugyanazon a munkaer\u0151piacon. Azonban minden egyes gener\u00e1ci\u00f3 m\u00e1s \u00e9s m\u00e1s, saj\u00e1tos jellemz\u0151kkel rendelkezik. K\u00fcl\u00f6n\u00f6sen a saj\u00e1tos ig\u00e9nyek, tapasztalatok, t\u00e1rsadalmi \u00e9s kultur\u00e1lis szok\u00e1sok, valamint a mindennapi tev\u00e9kenys\u00e9gek v\u00e1ltozhatnak gener\u00e1ci\u00f3r\u00f3l gener\u00e1ci\u00f3ra, ami a k\u00fcl\u00f6nb\u00f6z\u0151 emberek viselked\u00e9si \u00e9s kommunik\u00e1ci\u00f3s [&hellip;]<\/p>\n","protected":false},"author":1,"featured_media":1767,"comment_status":"closed","ping_status":"open","sticky":false,"template":"","format":"standard","meta":[],"categories":[44,10],"tags":[],"_links":{"self":[{"href":"https:\/\/inclusiveworkplace.eu\/hu\/wp-json\/wp\/v2\/posts\/2108"}],"collection":[{"href":"https:\/\/inclusiveworkplace.eu\/hu\/wp-json\/wp\/v2\/posts"}],"about":[{"href":"https:\/\/inclusiveworkplace.eu\/hu\/wp-json\/wp\/v2\/types\/post"}],"author":[{"embeddable":true,"href":"https:\/\/inclusiveworkplace.eu\/hu\/wp-json\/wp\/v2\/users\/1"}],"replies":[{"embeddable":true,"href":"https:\/\/inclusiveworkplace.eu\/hu\/wp-json\/wp\/v2\/comments?post=2108"}],"version-history":[{"count":1,"href":"https:\/\/inclusiveworkplace.eu\/hu\/wp-json\/wp\/v2\/posts\/2108\/revisions"}],"predecessor-version":[{"id":2109,"href":"https:\/\/inclusiveworkplace.eu\/hu\/wp-json\/wp\/v2\/posts\/2108\/revisions\/2109"}],"wp:featuredmedia":[{"embeddable":true,"href":"https:\/\/inclusiveworkplace.eu\/hu\/wp-json\/wp\/v2\/media\/1767"}],"wp:attachment":[{"href":"https:\/\/inclusiveworkplace.eu\/hu\/wp-json\/wp\/v2\/media?parent=2108"}],"wp:term":[{"taxonomy":"category","embeddable":true,"href":"https:\/\/inclusiveworkplace.eu\/hu\/wp-json\/wp\/v2\/categories?post=2108"},{"taxonomy":"post_tag","embeddable":true,"href":"https:\/\/inclusiveworkplace.eu\/hu\/wp-json\/wp\/v2\/tags?post=2108"}],"curies":[{"name":"wp","href":"https:\/\/api.w.org\/{rel}","templated":true}]}}