{"id":2100,"date":"2022-05-26T16:57:00","date_gmt":"2022-05-26T16:57:00","guid":{"rendered":"https:\/\/inclusiveworkplace.eu\/2022\/05\/26\/eco-friendly-policies-and-climate-change-initiatives-how-are-they-viewed-by-different-generations\/"},"modified":"2023-01-10T08:00:10","modified_gmt":"2023-01-10T08:00:10","slug":"eco-friendly-policies-and-climate-change-initiatives-how-are-they-viewed-by-different-generations","status":"publish","type":"post","link":"https:\/\/inclusiveworkplace.eu\/hu\/2022\/05\/26\/eco-friendly-policies-and-climate-change-initiatives-how-are-they-viewed-by-different-generations\/","title":{"rendered":"K\u00f6rnyezetbar\u00e1t politik\u00e1k \u00e9s \u00e9ghajlat-v\u00e1ltoz\u00e1si kezdem\u00e9nyez\u00e9sek &#8211; hogyan l\u00e1tj\u00e1k ezeket a k\u00fcl\u00f6nb\u00f6z\u0151"},"content":{"rendered":"\n<h2>A felm\u00e9r\u00e9sr\u0151l<\/h2>\n\n\n\n<p>A felm\u00e9r\u00e9s, amit a <a href=\"https:\/\/www.pewresearch.org\/\" target=\"_blank\" rel=\"noreferrer noopener\">www.pewresearch.org<\/a> honlapon tettek k\u00f6zz\u00e9, az Egyes\u00fclt \u00c1llamokban k\u00e9sz\u00fclt 2021. \u00e1prilis 20. \u00e9s \u00e1prilis 29. k\u00f6z\u00f6tt, \u00e9s az Ipsos KnowledgePanel (KP) 18 \u00e9s 24 \u00e9v k\u00f6z\u00f6tti tagjaib\u00f3l vett mint\u00e1t tartalmaz. \u00d6sszesen 13 749 tag v\u00e1laszolt a 16 924 mintav\u00e9telezettb\u0151l, ami 81%-os v\u00e1laszad\u00e1si ar\u00e1nyt jelent.<\/p>\n\n\n\n<!--more-->\n\n\n\n<h2>H\u00e1tt\u00e9r<\/h2>\n\n\n\n<p>Joe Biden eln\u00f6ki ciklus\u00e1nak els\u0151 \u00e9v\u00e9ben az \u00e9ghajlat-, az energia- \u00e9s a k\u00f6rnyezetv\u00e9delmi politika \u00fajra a sz\u00f6vets\u00e9gi figyelem k\u00f6z\u00e9ppontj\u00e1ba ker\u00fclt. Az Egyes\u00fclt \u00c1llamok csatlakozott az \u00e9ghajlatv\u00e1ltoz\u00e1sr\u00f3l sz\u00f3l\u00f3 P\u00e1rizsi Meg\u00e1llapod\u00e1shoz, a K\u00f6rnyezetv\u00e9delmi \u00dcgyn\u00f6ks\u00e9g az \u00fcvegh\u00e1zhat\u00e1s\u00fa g\u00e1zok kibocs\u00e1t\u00e1s\u00e1nak er\u0151teljes korl\u00e1toz\u00e1s\u00e1ra l\u00e9pett, Biden pedig sz\u00e1mos politikai c\u00e9lt fogalmazott meg, t\u00f6bbek k\u00f6z\u00f6tt azt, hogy 2050-re az Egyes\u00fclt \u00c1llamok nett\u00f3 kibocs\u00e1t\u00f3 legyen.<\/p>\n\n\n\n<h2>Gener\u00e1ci\u00f3s k\u00fcl\u00f6nbs\u00e9gek<\/h2>\n\n\n\n<p>Jelent\u0151s gener\u00e1ci\u00f3s k\u00fcl\u00f6nbs\u00e9gek vannak az \u00e9ghajlatv\u00e1ltoz\u00e1s elleni fell\u00e9p\u00e9s sz\u00fcks\u00e9gess\u00e9g\u00e9t \u00e9s a k\u00e9rd\u00e9ssel kapcsolatos elk\u00f6telezetts\u00e9get illet\u0151en. A fiatalabb aktivist\u00e1k gyakran az \u00e9ghajlati vit\u00e1k \u00e9lvonal\u00e1ban vannak, \u00e9s az olyan hangok, mint Greta Thunberg \u00e9s a Sunrise Movement &#8211; egy fiatalok \u00e1ltal vezetett politikai szervezet, amely az \u00e9ghajlatv\u00e1ltoz\u00e1sra val\u00f3 fokozott figyelmet szorgalmazza &#8211; a legl\u00e1tv\u00e1nyosabbak k\u00f6z\u00e9 tartoznak az \u00e9ghajlatv\u00e1ltoz\u00e1s elleni fell\u00e9p\u00e9st t\u00e1mogat\u00f3 glob\u00e1lis besz\u00e9lget\u00e9sekben.&nbsp; A Pew Research Center \u00faj felm\u00e9r\u00e9se szerint a fiatalabb amerikaiak &#8211; az ezredfordul\u00f3sok \u00e9s a Z gener\u00e1ci\u00f3hoz tartoz\u00f3 feln\u0151ttek &#8211; k\u00fcl\u00f6n\u00f6sen az \u00e9ghajlatv\u00e1ltoz\u00e1s k\u00e9rd\u00e9s\u00e9vel kapcsolatos magas szint\u0171 elk\u00f6telezetts\u00e9g\u00fckkel t\u0171nnek ki. Az id\u0151sebb feln\u0151ttekhez k\u00e9pest a Z gener\u00e1ci\u00f3sok \u00e9s az ezredfordul\u00f3sok t\u00f6bbet besz\u00e9lnek az \u00e9ghajlatv\u00e1ltoz\u00e1ssal kapcsolatos cselekv\u00e9s sz\u00fcks\u00e9gess\u00e9g\u00e9r\u0151l; a k\u00f6z\u00f6ss\u00e9gi m\u00e9di\u00e1t haszn\u00e1l\u00f3k k\u00f6r\u00e9ben t\u00f6bb kl\u00edmav\u00e1ltoz\u00e1ssal kapcsolatos tartalmat l\u00e1tnak az interneten; \u00e9s t\u00f6bbet tesznek az\u00e9rt, hogy r\u00e9szt vegyenek ezekben k\u00e9rd\u00e9sben olyan tev\u00e9kenys\u00e9gek r\u00e9v\u00e9n, mint az \u00f6nk\u00e9ntes munka, valamint a gy\u0171l\u00e9seken \u00e9s t\u00fcntet\u00e9seken val\u00f3 r\u00e9szv\u00e9tel.<\/p>\n\n\n\n<p><strong>A nemzed\u00e9kek politikai elk\u00f6telezetts\u00e9ge (a n\u00e9gy int\u00e9zked\u00e9s k\u00f6z\u00fcl legal\u00e1bb egyet megtettek: adom\u00e1nyoztak, kapcsolatba l\u00e9ptek egy v\u00e1lasztott tiszts\u00e9gvisel\u0151vel, \u00f6nk\u00e9nteskedtek vagy r\u00e9szt vettek egy gy\u0171l\u00e9sen):<\/strong><\/p>\n\n\n\n<ul>\n<li>&nbsp;Z gener\u00e1ci\u00f3 : 32%<\/li>\n\n\n\n<li>Y gener\u00e1ci\u00f3: 28%<\/li>\n\n\n\n<li>X gener\u00e1ci\u00f3: 23%<\/li>\n\n\n\n<li>Baby Boomer: 21%<\/li>\n<\/ul>\n\n\n\n<p>A felm\u00e9r\u00e9s szerint az \u00e9ghajlatv\u00e1ltoz\u00e1ssal kapcsolatos online tartalmakkal kapcsolatos k\u00e9rd\u00e9sekre a Z gener\u00e1ci\u00f3 tagjai k\u00fcl\u00f6n\u00f6sen nagy val\u00f3sz\u00edn\u0171s\u00e9ggel fejezik ki aggodalmukat a j\u00f6v\u0151vel kapcsolatban. A k\u00f6z\u00f6ss\u00e9gi m\u00e9di\u00e1t haszn\u00e1l\u00f3k k\u00f6z\u00fcl a Z gener\u00e1ci\u00f3 tagjai k\u00f6z\u00fcl k\u00f6zel t\u00edzb\u0151l h\u00e9t (69%) azt \u00e1ll\u00edtja, hogy szorongott a j\u00f6v\u0151t\u0151l, amikor legut\u00f3bb az \u00e9ghajlatv\u00e1ltoz\u00e1ssal foglalkoz\u00f3 tartalmat l\u00e1tott. Az Y gener\u00e1ci\u00f3s k\u00f6z\u00f6ss\u00e9gi m\u00e9diafelhaszn\u00e1l\u00f3k kisebb t\u00f6bbs\u00e9ge (59%) sz\u00e1molt be arr\u00f3l, hogy \u00edgy \u00e9rezte mag\u00e1t, amikor legut\u00f3bb az \u00e9ghajlatv\u00e1ltoz\u00e1ssal kapcsolatos tartalmat l\u00e1tott; az X gener\u00e1ci\u00f3s (46%) \u00e9s a baby boomer \u00e9s id\u0151sebb (41%) k\u00f6z\u00f6ss\u00e9gi m\u00e9diafelhaszn\u00e1l\u00f3k kevesebb mint fele nyilatkozott ugyan\u00edgy.<\/p>\n\n\n\n<p><strong>A felm\u00e9r\u00e9s egy\u00e9b fontos eredm\u00e9nyei:<\/strong><\/p>\n\n\n\n<ul>\n<li>A Z gener\u00e1ci\u00f3 \u00e9s az Y gener\u00e1ci\u00f3 akt\u00edvabban foglalkoznak az \u00e9ghajlatv\u00e1ltoz\u00e1ssal, mint az id\u0151sebb gener\u00e1ci\u00f3k, mind online, mind offline.<\/li>\n\n\n\n<li>A fiatalabb gener\u00e1ci\u00f3k hajland\u00f3bbak a fosszilis t\u00fczel\u0151anyagokr\u00f3l val\u00f3 lemond\u00e1sra, mint az id\u0151sebbek<\/li>\n\n\n\n<li>A Z gener\u00e1ci\u00f3s feln\u0151ttek t\u00f6bb mint egyharmada szerint az \u00e9ghajlatv\u00e1ltoz\u00e1s a legf\u0151bb aggodalomra ad okot.<\/li>\n\n\n\n<li>A Z gener\u00e1ci\u00f3 \u00e9s az ezredfordul\u00f3sok gyakrabban vitatj\u00e1k meg az \u00e9ghajlatv\u00e1ltoz\u00e1ssal kapcsolatos cselekv\u00e9s sz\u00fcks\u00e9gess\u00e9g\u00e9t<\/li>\n\n\n\n<li>A Z gener\u00e1ci\u00f3s k\u00f6z\u00f6ss\u00e9gi m\u00e9dia felhaszn\u00e1l\u00f3k 56%-a \u00e1ll\u00edtja, hogy l\u00e1tott m\u00e1r az \u00e9ghajlatv\u00e1ltoz\u00e1ssal foglalkoz\u00f3 tartalmakat<\/li>\n<\/ul>\n\n\n\n<h2>Mi hasznunk sz\u00e1rmazik bel\u0151le?<\/h2>\n\n\n\n<p>K\u00fcl\u00f6nbs\u00e9gek vannak abban, hogy a k\u00fcl\u00f6nb\u00f6z\u0151 gener\u00e1ci\u00f3k hogyan \u00e9rz\u00e9kelik az \u00e9ghajlatv\u00e1ltoz\u00e1st, \u00e9s hogyan tesznek &nbsp;l\u00e9p\u00e9seket, mit hajland\u00f3k fel\u00e1ldozni. Azonban befogad\u00f3 munkahelyk\u00e9nt nem szabad ezt probl\u00e9m\u00e1nak tekinten\u00fcnk. \u00c9ppen ellenkez\u0151leg, teremts\u00fcnk vonz\u00f3 lehet\u0151s\u00e9geket, \u00f6nk\u00e9ntes esem\u00e9nyeket \u00e9s olyan politik\u00e1kat, amelyekb\u0151l minden gener\u00e1ci\u00f3 profit\u00e1lhat.<\/p>\n\n\n\n<p><em>A szerz\u0151 v\u00e9lem\u00e9nye a saj\u00e1tja, \u00e9s nem felt\u00e9tlen\u00fcl t\u00fckr\u00f6zi a Konzorcium v\u00e9lem\u00e9ny\u00e9t.<\/em><\/p>\n\n\n\n<p><em>Forr\u00e1s: <\/em><a href=\"https:\/\/www.pewresearch.org\/science\/2021\/05\/26\/climate-engagement-and-activism\/\">https:\/\/www.pewresearch.org\/science\/2021\/05\/26\/climate-engagement-and-activism\/<\/a><\/p>\n","protected":false},"excerpt":{"rendered":"<p>A felm\u00e9r\u00e9sr\u0151l A felm\u00e9r\u00e9s, amit a www.pewresearch.org honlapon tettek k\u00f6zz\u00e9, az Egyes\u00fclt \u00c1llamokban k\u00e9sz\u00fclt 2021. \u00e1prilis 20. \u00e9s \u00e1prilis 29. k\u00f6z\u00f6tt, \u00e9s az Ipsos KnowledgePanel (KP) 18 \u00e9s 24 \u00e9v k\u00f6z\u00f6tti tagjaib\u00f3l vett mint\u00e1t tartalmaz. \u00d6sszesen 13 749 tag v\u00e1laszolt a 16 924 mintav\u00e9telezettb\u0151l, ami 81%-os v\u00e1laszad\u00e1si ar\u00e1nyt jelent.<\/p>\n","protected":false},"author":1,"featured_media":1802,"comment_status":"closed","ping_status":"open","sticky":false,"template":"","format":"standard","meta":[],"categories":[44,10],"tags":[],"_links":{"self":[{"href":"https:\/\/inclusiveworkplace.eu\/hu\/wp-json\/wp\/v2\/posts\/2100"}],"collection":[{"href":"https:\/\/inclusiveworkplace.eu\/hu\/wp-json\/wp\/v2\/posts"}],"about":[{"href":"https:\/\/inclusiveworkplace.eu\/hu\/wp-json\/wp\/v2\/types\/post"}],"author":[{"embeddable":true,"href":"https:\/\/inclusiveworkplace.eu\/hu\/wp-json\/wp\/v2\/users\/1"}],"replies":[{"embeddable":true,"href":"https:\/\/inclusiveworkplace.eu\/hu\/wp-json\/wp\/v2\/comments?post=2100"}],"version-history":[{"count":1,"href":"https:\/\/inclusiveworkplace.eu\/hu\/wp-json\/wp\/v2\/posts\/2100\/revisions"}],"predecessor-version":[{"id":2102,"href":"https:\/\/inclusiveworkplace.eu\/hu\/wp-json\/wp\/v2\/posts\/2100\/revisions\/2102"}],"wp:featuredmedia":[{"embeddable":true,"href":"https:\/\/inclusiveworkplace.eu\/hu\/wp-json\/wp\/v2\/media\/1802"}],"wp:attachment":[{"href":"https:\/\/inclusiveworkplace.eu\/hu\/wp-json\/wp\/v2\/media?parent=2100"}],"wp:term":[{"taxonomy":"category","embeddable":true,"href":"https:\/\/inclusiveworkplace.eu\/hu\/wp-json\/wp\/v2\/categories?post=2100"},{"taxonomy":"post_tag","embeddable":true,"href":"https:\/\/inclusiveworkplace.eu\/hu\/wp-json\/wp\/v2\/tags?post=2100"}],"curies":[{"name":"wp","href":"https:\/\/api.w.org\/{rel}","templated":true}]}}